{"id":876,"date":"2014-12-22T01:06:50","date_gmt":"2014-12-21T23:06:50","guid":{"rendered":"http:\/\/www.nabubarleben.de\/?p=876"},"modified":"2014-12-22T11:05:27","modified_gmt":"2014-12-22T09:05:27","slug":"bericht-ueber-die-exkursion-um-den-barleber-see","status":"publish","type":"post","link":"http:\/\/www.nabubarleben.de\/?p=876","title":{"rendered":"Bericht \u00fcber die Exkursion um den Barleber See"},"content":{"rendered":"<p><a href=\"http:\/\/www.nabubarleben.de\/blog\/wp-content\/uploads\/2014\/12\/Exkursion_2014-12-14_BarleberSee_I.jpg\"><img decoding=\"async\" loading=\"lazy\" class=\"alignnone wp-image-880 size-full\" src=\"http:\/\/www.nabubarleben.de\/blog\/wp-content\/uploads\/2014\/12\/Exkursion_2014-12-14_BarleberSee_I.jpg\" alt=\"Exkursion_2014-12-14_BarleberSee_I\" width=\"830\" height=\"374\" srcset=\"http:\/\/www.nabubarleben.de\/blog\/wp-content\/uploads\/2014\/12\/Exkursion_2014-12-14_BarleberSee_I.jpg 830w, http:\/\/www.nabubarleben.de\/blog\/wp-content\/uploads\/2014\/12\/Exkursion_2014-12-14_BarleberSee_I-300x135.jpg 300w\" sizes=\"(max-width: 830px) 100vw, 830px\" \/><\/a><\/p>\n<h2>Der fr\u00fche Vogel&#8230;<\/h2>\n<p>Die letzte Exkursion des Jahres f\u00fchrte uns am Sonntag, den 14. Dezember, um den nahe gelegenen Barleber See. Am S-Bahn-Haltepunkt &#8222;Barleber See&#8220; trafen wir uns gleich morgens um 9 Uhr mit den Freunden vom Nabu Ohrekreis. Von der Fu\u00dfg\u00e4nger\u00fcberf\u00fchrung aus, warfen wir als erstes einen Blick in den angrenzenden Wald, denn hier haben wir eine Eigentumsfl\u00e4che.<br \/>\n<!--more--><\/p>\n<p>Auf dem Feld nahe der A2 \u00e4sten in gr\u00f6\u00dferer Entfernung 36 H\u00f6ckerschw\u00e4ne und etwas zun\u00e4chst nicht identifizierbares fast \u201eSchwarzes\u201c. Ein Blick durch das aufgebaute Spektiv ergab dann einen sehr dunklen Schwan.<\/p>\n<h2><a href=\"http:\/\/www.nabubarleben.de\/blog\/wp-content\/uploads\/2014\/12\/Exkursion_2014-12-14_BarleberSee_IV.jpg\"><img decoding=\"async\" loading=\"lazy\" class=\"alignnone wp-image-878 size-full\" src=\"http:\/\/www.nabubarleben.de\/blog\/wp-content\/uploads\/2014\/12\/Exkursion_2014-12-14_BarleberSee_IV.jpg\" alt=\"Exkursion_2014-12-14_BarleberSee_IV\" width=\"830\" height=\"400\" srcset=\"http:\/\/www.nabubarleben.de\/blog\/wp-content\/uploads\/2014\/12\/Exkursion_2014-12-14_BarleberSee_IV.jpg 830w, http:\/\/www.nabubarleben.de\/blog\/wp-content\/uploads\/2014\/12\/Exkursion_2014-12-14_BarleberSee_IV-300x144.jpg 300w\" sizes=\"(max-width: 830px) 100vw, 830px\" \/><\/a><\/h2>\n<h2>&#8230;mit Fernglas und Spektiv<\/h2>\n<p>Am S\u00fcdufer des Barleber Sees angekommen, suchten wir zun\u00e4chst auf dem See nach Wasserv\u00f6geln: Unmengen an Bl\u00e4ssrallen verteilten sich auf dem See. Teils mit Fernglas und teils mit Spektiv entdecken wir au\u00dferdem Reiherenten, Graureiher, Stockenten, Haubentaucher und Tafelenten. Die Zuordnung war nicht ganz leicht, da fast alle V\u00f6gel der kleinen Gruppe die K\u00f6pfe ins Federkleid geschoben hatten und offenbar ruhten. Erst nach l\u00e4ngerer Beratung und Spektivbeobachtung konnten wir die Arten zuordnen.<\/p>\n<p>Weiter ging es am Westufer entlang, immer den Blick auf den See gerichtet und mit gelegentlichen Beobachtungsstopps. Dabei wurden als neue Arten entdeckt: Kormorane, ein Teichhuhn und G\u00e4nses\u00e4ger. Zwischendurch gab es einen kleinen Abstecher zu einem in der nahen Schrote befindlichen Biberdamm. Dieser wird aus Hochwasserschutzgr\u00fcnden wohl dann und wann etwas zur\u00fcck gebaut, was der Biber aber anschlie\u00dfend durch seine Baut\u00e4tigkeit wieder ausgleicht.<\/p>\n<p><a href=\"http:\/\/www.nabubarleben.de\/blog\/wp-content\/uploads\/2014\/12\/Exkursion_2014-12-14_BarleberSee_II.jpg\"><img decoding=\"async\" loading=\"lazy\" class=\"alignnone wp-image-879 size-full\" src=\"http:\/\/www.nabubarleben.de\/blog\/wp-content\/uploads\/2014\/12\/Exkursion_2014-12-14_BarleberSee_II.jpg\" alt=\"Exkursion_2014-12-14_BarleberSee_II\" width=\"830\" height=\"401\" srcset=\"http:\/\/www.nabubarleben.de\/blog\/wp-content\/uploads\/2014\/12\/Exkursion_2014-12-14_BarleberSee_II.jpg 830w, http:\/\/www.nabubarleben.de\/blog\/wp-content\/uploads\/2014\/12\/Exkursion_2014-12-14_BarleberSee_II-300x144.jpg 300w\" sizes=\"(max-width: 830px) 100vw, 830px\" \/><\/a><\/p>\n<h2>Lach- und Silberm\u00f6wen<\/h2>\n<p>Vom Nordufer aus haben wir einen gr\u00f6\u00dferen M\u00f6wentrupp, bestehend aus Lach- und Silberm\u00f6wen beobachtet. Am Ostufer gab es dann in Ufern\u00e4he Schellenten. Die M\u00e4nnchen tragen hier wei\u00dfe Hinterschnabelflecke. Beim Abfliegen war das markante \u201eschellende\u201c Fl\u00fcgelger\u00e4usch gut zu h\u00f6ren. Und dann flog auch noch ein Eisvogel, der zuvor schon mehrfach geh\u00f6rt wurde, vorbei. Auf einem Steg am S\u00fcdufer hatten sich ca. 20 Kormorane zum Gefieder trocknen versammelt. Beim Losfliegen hatten sie M\u00fche, in die Luft zu kommen. Offenbar waren sie \u201evoll\u201cgefressen.<\/p>\n<p><a href=\"http:\/\/www.nabubarleben.de\/blog\/wp-content\/uploads\/2014\/12\/Exkursion_2014-12-14_BarleberSee_III.jpg\"><img decoding=\"async\" loading=\"lazy\" class=\"alignnone wp-image-881 size-full\" src=\"http:\/\/www.nabubarleben.de\/blog\/wp-content\/uploads\/2014\/12\/Exkursion_2014-12-14_BarleberSee_III.jpg\" alt=\"Exkursion_2014-12-14_BarleberSee_III\" width=\"830\" height=\"400\" srcset=\"http:\/\/www.nabubarleben.de\/blog\/wp-content\/uploads\/2014\/12\/Exkursion_2014-12-14_BarleberSee_III.jpg 830w, http:\/\/www.nabubarleben.de\/blog\/wp-content\/uploads\/2014\/12\/Exkursion_2014-12-14_BarleberSee_III-300x144.jpg 300w\" sizes=\"(max-width: 830px) 100vw, 830px\" \/><\/a><\/p>\n<p>Am Exkursionstag im Winter &#8211; ohne Schnee und Eis, aber trocken &#8211; und au\u00dferhalb der Badesaison machte der See einen idyllischen und ruhigen Eindruck. Wir\u00a0\u00a0empfehlen Erholungssuchenden mit einem Hang zur frischen Luft und Ornithologie die Rundwanderung gern weiter. Nachahmen lohnt sich, viel Erfolg!<\/p>\n","protected":false},"excerpt":{"rendered":"<p>Der fr\u00fche Vogel&#8230; Die letzte Exkursion des Jahres f\u00fchrte uns am Sonntag, den 14. Dezember, um den nahe gelegenen Barleber See. Am S-Bahn-Haltepunkt &#8222;Barleber See&#8220; trafen wir uns gleich morgens [&hellip;]<\/p>\n","protected":false},"author":2,"featured_media":0,"comment_status":"open","ping_status":"closed","sticky":false,"template":"","format":"standard","meta":{"jetpack_post_was_ever_published":false},"categories":[1,7],"tags":[],"jetpack_featured_media_url":"","jetpack_shortlink":"https:\/\/wp.me\/p5vg4d-e8","_links":{"self":[{"href":"http:\/\/www.nabubarleben.de\/index.php?rest_route=\/wp\/v2\/posts\/876"}],"collection":[{"href":"http:\/\/www.nabubarleben.de\/index.php?rest_route=\/wp\/v2\/posts"}],"about":[{"href":"http:\/\/www.nabubarleben.de\/index.php?rest_route=\/wp\/v2\/types\/post"}],"author":[{"embeddable":true,"href":"http:\/\/www.nabubarleben.de\/index.php?rest_route=\/wp\/v2\/users\/2"}],"replies":[{"embeddable":true,"href":"http:\/\/www.nabubarleben.de\/index.php?rest_route=%2Fwp%2Fv2%2Fcomments&post=876"}],"version-history":[{"count":3,"href":"http:\/\/www.nabubarleben.de\/index.php?rest_route=\/wp\/v2\/posts\/876\/revisions"}],"predecessor-version":[{"id":889,"href":"http:\/\/www.nabubarleben.de\/index.php?rest_route=\/wp\/v2\/posts\/876\/revisions\/889"}],"wp:attachment":[{"href":"http:\/\/www.nabubarleben.de\/index.php?rest_route=%2Fwp%2Fv2%2Fmedia&parent=876"}],"wp:term":[{"taxonomy":"category","embeddable":true,"href":"http:\/\/www.nabubarleben.de\/index.php?rest_route=%2Fwp%2Fv2%2Fcategories&post=876"},{"taxonomy":"post_tag","embeddable":true,"href":"http:\/\/www.nabubarleben.de\/index.php?rest_route=%2Fwp%2Fv2%2Ftags&post=876"}],"curies":[{"name":"wp","href":"https:\/\/api.w.org\/{rel}","templated":true}]}}