{"id":2720,"date":"2020-09-27T11:59:22","date_gmt":"2020-09-27T09:59:22","guid":{"rendered":"http:\/\/www.nabubarleben.de\/?p=2720"},"modified":"2020-09-27T11:59:22","modified_gmt":"2020-09-27T09:59:22","slug":"saftladen-2020-geoeffnet","status":"publish","type":"post","link":"http:\/\/www.nabubarleben.de\/?p=2720","title":{"rendered":"Saftladen 2020 ge\u00f6ffnet !!!"},"content":{"rendered":"<p>Der NABU Saftladen ist ab sofort wieder ge\u00f6ffnet.<br \/>\nDetails finden Sie:<\/p>\n<ul>\n<li>im Men\u00fc am rechten Rand<\/li>\n<li>\u00fcber den Men\u00fcpunkt Saftladen, obere Zeile<\/li>\n<li>oder<a href=\"http:\/\/www.nabubarleben.de\/?page_id=731\" target=\"_blank\" rel=\"noopener noreferrer\"> diesen Link<\/a><\/li>\n<\/ul>\n","protected":false},"excerpt":{"rendered":"<p>Der NABU Saftladen ist ab sofort wieder ge\u00f6ffnet. Details finden Sie: im Men\u00fc am rechten Rand \u00fcber den Men\u00fcpunkt Saftladen, obere Zeile oder diesen Link<\/p>\n","protected":false},"author":2,"featured_media":0,"comment_status":"closed","ping_status":"closed","sticky":false,"template":"","format":"standard","meta":{"jetpack_post_was_ever_published":false},"categories":[8],"tags":[31],"jetpack_featured_media_url":"","jetpack_shortlink":"https:\/\/wp.me\/p5vg4d-HS","_links":{"self":[{"href":"http:\/\/www.nabubarleben.de\/index.php?rest_route=\/wp\/v2\/posts\/2720"}],"collection":[{"href":"http:\/\/www.nabubarleben.de\/index.php?rest_route=\/wp\/v2\/posts"}],"about":[{"href":"http:\/\/www.nabubarleben.de\/index.php?rest_route=\/wp\/v2\/types\/post"}],"author":[{"embeddable":true,"href":"http:\/\/www.nabubarleben.de\/index.php?rest_route=\/wp\/v2\/users\/2"}],"replies":[{"embeddable":true,"href":"http:\/\/www.nabubarleben.de\/index.php?rest_route=%2Fwp%2Fv2%2Fcomments&post=2720"}],"version-history":[{"count":1,"href":"http:\/\/www.nabubarleben.de\/index.php?rest_route=\/wp\/v2\/posts\/2720\/revisions"}],"predecessor-version":[{"id":2721,"href":"http:\/\/www.nabubarleben.de\/index.php?rest_route=\/wp\/v2\/posts\/2720\/revisions\/2721"}],"wp:attachment":[{"href":"http:\/\/www.nabubarleben.de\/index.php?rest_route=%2Fwp%2Fv2%2Fmedia&parent=2720"}],"wp:term":[{"taxonomy":"category","embeddable":true,"href":"http:\/\/www.nabubarleben.de\/index.php?rest_route=%2Fwp%2Fv2%2Fcategories&post=2720"},{"taxonomy":"post_tag","embeddable":true,"href":"http:\/\/www.nabubarleben.de\/index.php?rest_route=%2Fwp%2Fv2%2Ftags&post=2720"}],"curies":[{"name":"wp","href":"https:\/\/api.w.org\/{rel}","templated":true}]}}