{"id":255,"date":"2013-05-23T21:34:04","date_gmt":"2013-05-23T19:34:04","guid":{"rendered":"http:\/\/www.nabubarleben.de\/?p=255"},"modified":"2020-01-12T13:43:16","modified_gmt":"2020-01-12T11:43:16","slug":"mahgut-als-samenspender","status":"publish","type":"post","link":"http:\/\/www.nabubarleben.de\/?p=255","title":{"rendered":"M\u00e4hgut als Samenspender"},"content":{"rendered":"<h2 style=\"text-align: justify;\">Die Einladung<\/h2>\n<p style=\"text-align: justify;\">Am 19. Mai wollten wir uns laut Einladung von J\u00f6rg &#8222;<em>&#8230;nur mal kurz zum Bestaunen des Breitbl\u00e4ttrigen Knabenkraut in der N\u00e4he von Samswegen treffen&#8230;<\/em>&#8222;. Das\u00a0 mit dem Treffen hat geklappt, nur das Blumen ansehen endete in schwei\u00dftreibender Arbeit und das dennoch interessante Resultat konnte schon in den Beitr\u00e4gen (<a href=\"http:\/\/www.nabubarleben.de\/?p=194\" target=\"_blank\" rel=\"noopener noreferrer\">hier<\/a> oder <a href=\"http:\/\/www.nabubarleben.de\/?p=244\" target=\"_blank\" rel=\"noopener noreferrer\">auch hier<\/a>) nachgelesen werden.<\/p>\n<figure id=\"attachment_256\" aria-labelledby=\"figcaption_attachment_256\" class=\"wp-caption aligncenter\" style=\"width: 504px\"><a href=\"http:\/\/www.nabubarleben.de\/blog\/wp-content\/uploads\/2013\/05\/Teilnehmer.jpg\"><img decoding=\"async\" loading=\"lazy\" class=\"size-full wp-image-256 \" alt=\"Teilnehmer\" src=\"http:\/\/www.nabubarleben.de\/blog\/wp-content\/uploads\/2013\/05\/Teilnehmer.jpg\" width=\"500\" height=\"375\" srcset=\"http:\/\/www.nabubarleben.de\/blog\/wp-content\/uploads\/2013\/05\/Teilnehmer.jpg 500w, http:\/\/www.nabubarleben.de\/blog\/wp-content\/uploads\/2013\/05\/Teilnehmer-300x225.jpg 300w\" sizes=\"(max-width: 500px) 100vw, 500px\" \/><\/a><figcaption id=\"figcaption_attachment_256\" class=\"wp-caption-text\">4 von 5 Aktivisten, der andere fotografiert<\/figcaption><\/figure>\n<h2 style=\"text-align: justify;\"><!--more-->Der Standort<\/h2>\n<p style=\"text-align: justify;\">Aber auch auch der erste Teil des Treffen war so interessant, das ich kurz dar\u00fcber berichten m\u00f6chte. Die Wiesen am H\u00e4gebach sind nasse Standorte, welche durch einen Eingriff in das Profil des nahen H\u00e4gebachs weiter nass gehalten werden. Entsprechende Pflanzenarten sind dort zu finden.<\/p>\n<figure id=\"attachment_261\" aria-labelledby=\"figcaption_attachment_261\" class=\"wp-caption aligncenter\" style=\"width: 504px\"><a href=\"http:\/\/www.nabubarleben.de\/blog\/wp-content\/uploads\/2013\/05\/Wiesen\u00dcbersicht.jpg\"><img decoding=\"async\" loading=\"lazy\" class=\"size-full wp-image-261 \" alt=\"Wiesen\u00dcbersicht\" src=\"http:\/\/www.nabubarleben.de\/blog\/wp-content\/uploads\/2013\/05\/Wiesen\u00dcbersicht.jpg\" width=\"500\" height=\"375\" srcset=\"http:\/\/www.nabubarleben.de\/blog\/wp-content\/uploads\/2013\/05\/Wiesen\u00dcbersicht.jpg 500w, http:\/\/www.nabubarleben.de\/blog\/wp-content\/uploads\/2013\/05\/Wiesen\u00dcbersicht-300x225.jpg 300w\" sizes=\"(max-width: 500px) 100vw, 500px\" \/><\/a><figcaption id=\"figcaption_attachment_261\" class=\"wp-caption-text\">Blick auf die Wiesen mit einem sch\u00f6nen Bestand an Erlen<\/figcaption><\/figure>\n<h2 style=\"text-align: justify;\">Pflanzen und mehr<\/h2>\n<p style=\"text-align: justify;\">Das &#8222;spektakul\u00e4rste&#8220; ist sicher das &#8222;Breitbl\u00e4ttriges Knabenkraut&#8220; aber auch die gro\u00dfe Zahl von Bachnelkenwurz kann begeistern.<\/p>\n<figure id=\"attachment_263\" aria-labelledby=\"figcaption_attachment_263\" class=\"wp-caption aligncenter\" style=\"width: 504px\"><a href=\"http:\/\/www.nabubarleben.de\/blog\/wp-content\/uploads\/2013\/05\/WiesenmischungMitDetail.jpg\"><img decoding=\"async\" loading=\"lazy\" class=\"size-full wp-image-263 \" alt=\"WiesenmischungMitDetail\" src=\"http:\/\/www.nabubarleben.de\/blog\/wp-content\/uploads\/2013\/05\/WiesenmischungMitDetail.jpg\" width=\"500\" height=\"375\" srcset=\"http:\/\/www.nabubarleben.de\/blog\/wp-content\/uploads\/2013\/05\/WiesenmischungMitDetail.jpg 500w, http:\/\/www.nabubarleben.de\/blog\/wp-content\/uploads\/2013\/05\/WiesenmischungMitDetail-300x225.jpg 300w\" sizes=\"(max-width: 500px) 100vw, 500px\" \/><\/a><figcaption id=\"figcaption_attachment_263\" class=\"wp-caption-text\">Bleitbl\u00e4ttriges Knabenkraut in vielen Exemplaren<\/figcaption><\/figure>\n<figure id=\"attachment_264\" aria-labelledby=\"figcaption_attachment_264\" class=\"wp-caption aligncenter\" style=\"width: 504px\"><a href=\"http:\/\/www.nabubarleben.de\/blog\/wp-content\/uploads\/2013\/05\/Bachnelkenwurz_2.jpg\"><img decoding=\"async\" loading=\"lazy\" class=\"size-full wp-image-264 \" alt=\"Bachnelkenwurz_2\" src=\"http:\/\/www.nabubarleben.de\/blog\/wp-content\/uploads\/2013\/05\/Bachnelkenwurz_2.jpg\" width=\"500\" height=\"375\" srcset=\"http:\/\/www.nabubarleben.de\/blog\/wp-content\/uploads\/2013\/05\/Bachnelkenwurz_2.jpg 500w, http:\/\/www.nabubarleben.de\/blog\/wp-content\/uploads\/2013\/05\/Bachnelkenwurz_2-300x225.jpg 300w\" sizes=\"(max-width: 500px) 100vw, 500px\" \/><\/a><figcaption id=\"figcaption_attachment_264\" class=\"wp-caption-text\">Bachnelkenwurz in gro\u00dfer Anzahl<\/figcaption><\/figure>\n<h2 style=\"text-align: justify;\">Samenspende<\/h2>\n<p style=\"text-align: justify;\">Um einen Teil der Pflanzen auch auf andere, geeignete Standorte zu \u00fcbertragen, wurde schon im letzten Jahr ein Teil des M\u00e4hgutes (Spenderfl\u00e4che) auf andere Fl\u00e4chen gebracht. Dort trocknete der Wiesenschnitt und die Samen konnten auf den Boden fallen. Von einem kleinen Erfolg der Aktion hat J\u00f6rg (<a href=\"http:\/\/www.nabubarleben.de\/?p=155\" target=\"_blank\" rel=\"noopener noreferrer\">hier<\/a>) schon berichtet. Es wurde das Wiesenschaumkraut auf den neuen Standort im Technologiepark in Barleben \u00fcbertragen. Diese Art der Saatgut\u00fcbertragung bedingt ein genaues Timing beim M\u00e4hen. Es wird sicher unm\u00f6glich sein alle Arten gleichzeitig zu \u00fcbertragen, denn die Samenreife f\u00e4llt unterschiedlich aus. Bei einem \u00e4hnlichen Versuch vor einigen Jahren konnten Wiesen Glockenblumen \u00fcbertragen werden.<br \/>\nDas weiter oben schon erw\u00e4hnte Knabenkraut wird ein besonderer Ansporn sein. Die Nutzung der Wiesenabschnitte am H\u00e4gebach sollte einen Ausgleich zwischen der Heugewinnung (Pferdehalter) und dem Naturschutz erreichen.<\/p>\n<p style=\"text-align: justify;\">Wer Interesse hat an solchen Aktionen teilzunehmen (auch nur mit Gucken, nix arbeiten \ud83d\ude09 ) sollte die Termine hier in Auge behalten. Wer alternativ einen Newsletter haben will, kann sich bei uns (<a href=\"http:\/\/www.nabubarleben.de\/?page_id=20\" target=\"_blank\" rel=\"noopener noreferrer\">hier<\/a>) melden. Wenn ausreichend Interessenten zusammen kommen, werde ich diese Funktion auch verf\u00fcgbar machen.<\/p>\n","protected":false},"excerpt":{"rendered":"<p>Die Einladung Am 19. Mai wollten wir uns laut Einladung von J\u00f6rg &#8222;&#8230;nur mal kurz zum Bestaunen des Breitbl\u00e4ttrigen Knabenkraut in der N\u00e4he von Samswegen treffen&#8230;&#8222;. Das\u00a0 mit dem Treffen [&hellip;]<\/p>\n","protected":false},"author":2,"featured_media":0,"comment_status":"open","ping_status":"closed","sticky":false,"template":"","format":"standard","meta":{"jetpack_post_was_ever_published":false},"categories":[9],"tags":[17,73],"jetpack_featured_media_url":"","jetpack_shortlink":"https:\/\/wp.me\/p5vg4d-47","_links":{"self":[{"href":"http:\/\/www.nabubarleben.de\/index.php?rest_route=\/wp\/v2\/posts\/255"}],"collection":[{"href":"http:\/\/www.nabubarleben.de\/index.php?rest_route=\/wp\/v2\/posts"}],"about":[{"href":"http:\/\/www.nabubarleben.de\/index.php?rest_route=\/wp\/v2\/types\/post"}],"author":[{"embeddable":true,"href":"http:\/\/www.nabubarleben.de\/index.php?rest_route=\/wp\/v2\/users\/2"}],"replies":[{"embeddable":true,"href":"http:\/\/www.nabubarleben.de\/index.php?rest_route=%2Fwp%2Fv2%2Fcomments&post=255"}],"version-history":[{"count":4,"href":"http:\/\/www.nabubarleben.de\/index.php?rest_route=\/wp\/v2\/posts\/255\/revisions"}],"predecessor-version":[{"id":2426,"href":"http:\/\/www.nabubarleben.de\/index.php?rest_route=\/wp\/v2\/posts\/255\/revisions\/2426"}],"wp:attachment":[{"href":"http:\/\/www.nabubarleben.de\/index.php?rest_route=%2Fwp%2Fv2%2Fmedia&parent=255"}],"wp:term":[{"taxonomy":"category","embeddable":true,"href":"http:\/\/www.nabubarleben.de\/index.php?rest_route=%2Fwp%2Fv2%2Fcategories&post=255"},{"taxonomy":"post_tag","embeddable":true,"href":"http:\/\/www.nabubarleben.de\/index.php?rest_route=%2Fwp%2Fv2%2Ftags&post=255"}],"curies":[{"name":"wp","href":"https:\/\/api.w.org\/{rel}","templated":true}]}}