{"id":1691,"date":"2017-07-12T20:00:35","date_gmt":"2017-07-12T18:00:35","guid":{"rendered":"http:\/\/www.nabubarleben.de\/?p=1691"},"modified":"2017-07-15T08:02:39","modified_gmt":"2017-07-15T06:02:39","slug":"vereinsabend-07-2017-nabu-barleben","status":"publish","type":"post","link":"http:\/\/www.nabubarleben.de\/?p=1691","title":{"rendered":"Vereinsabend 07-2017, NABU Barleben"},"content":{"rendered":"<div class='content-column one_third'><p><a href=\"http:\/\/www.nabubarleben.de\/blog\/wp-content\/uploads\/2013\/10\/TerminKalenderblatt.jpg\"><img decoding=\"async\" loading=\"lazy\" class=\"aligncenter wp-image-387\" src=\"http:\/\/www.nabubarleben.de\/blog\/wp-content\/uploads\/2013\/10\/TerminKalenderblatt.jpg\" alt=\"TerminKalenderblatt\" width=\"250\" height=\"329\" \/><\/a><\/p><\/div>\n<div class='content-column two_third last_column'><div style=\"padding-left:10px;\"><p><span style=\"color: #ff0000;\"><strong>Mittwoch: <del>26.07.2017<\/del>\u00a0 19.07.2017<br \/>\n<\/strong><\/span><strong><span style=\"color: #ff0000;\">ab 19:00<\/span><br \/>\n<span style=\"color: #ff0000;\"> <del>Helldamm 11<\/del>\u00a0\u00a0 <del><\/del>Breiteweg 17, 39179 Barleben<\/span><del><br \/>\n<\/del><\/strong><\/p>\n<h1>Ge\u00e4nderter Termin \/ Ort !<\/h1>\n<p style=\"text-align: justify;\">Willkommen sind alle die sich f\u00fcr die Arbeit des NABU Barleben interessieren. Wir freuen uns nat\u00fcrlich auch \u00fcber potentielle &#8222;Aktivisten&#8220;, egal ob Mitglieder oder nicht.<\/p>\n<h2 style=\"text-align: justify;\"><strong>Thema:<\/strong><\/h2>\n<p style=\"text-align: justify;\">Gespr\u00e4che im Mulchgarten bei Winkelmann&#8217;s. Wir k\u00f6nnen uns meinen Garten ansehen, m\u00fcssen tut das aber keiner \ud83d\ude42 Kann als praktischer Teil meinem Vortrag aus dem letzten Jahr gesehen werden.<\/p>\n<p style=\"text-align: justify;\">Alle hoffen auf sch\u00f6nes Wetter, dann sitzen wir im Garten.<br \/>\nVorinformationen \u00fcber diese Art der Bodenpflege: <a href=\"http:\/\/mulchgarten.de\" target=\"_blank\" rel=\"noopener\">www.mulchgarten.de<\/a><\/p><\/div><\/div><div class='clear_column'><\/div>\n<div class='content-column one_third'><div style=\"padding-left:0px;\"><p><a href=\"http:\/\/www.nabubarleben.de\/blog\/wp-content\/uploads\/2017\/07\/Nabu-Mulchgarten-2017-1.jpg\"><img decoding=\"async\" loading=\"lazy\" class=\"wp-image-1837 aligncenter\" src=\"http:\/\/www.nabubarleben.de\/blog\/wp-content\/uploads\/2017\/07\/Nabu-Mulchgarten-2017-1.jpg\" alt=\"\" width=\"250\" height=\"333\" srcset=\"http:\/\/www.nabubarleben.de\/blog\/wp-content\/uploads\/2017\/07\/Nabu-Mulchgarten-2017-1.jpg 500w, http:\/\/www.nabubarleben.de\/blog\/wp-content\/uploads\/2017\/07\/Nabu-Mulchgarten-2017-1-225x300.jpg 225w\" sizes=\"(max-width: 250px) 100vw, 250px\" \/><\/a><\/p><\/div><\/div>\n<div class='content-column two_third last_column'><div style=\"padding-left:10px;\"><h2>VS Hinweis &#8211; Ortsangabe falsch:<\/h2>\n<p style=\"text-align: justify;\">Leider habe ich bei der Korrektur der Daten zum Ort nicht so ganz korrekt gearbeitet. Dadurch ist eine Zweideutigkeit entstanden. Der Ort ist daher im <span style=\"color: #ff0000;\">VS Hinweis\u00a0 vom Samstag 2017-07-15 FALSCH!<\/span><\/p><\/div><\/div><div class='clear_column'><\/div>\n<h2><\/h2>\n<p>&nbsp;<\/p>\n<p>&nbsp;<\/p>\n<p>&nbsp;<\/p>\n<p>&nbsp;<\/p>\n<p>&nbsp;<\/p>\n","protected":false},"excerpt":{"rendered":"<p>&nbsp; &nbsp; &nbsp; &nbsp; &nbsp;<\/p>\n","protected":false},"author":2,"featured_media":0,"comment_status":"open","ping_status":"closed","sticky":false,"template":"","format":"standard","meta":{"jetpack_post_was_ever_published":false},"categories":[1],"tags":[],"jetpack_featured_media_url":"","jetpack_shortlink":"https:\/\/wp.me\/p5vg4d-rh","_links":{"self":[{"href":"http:\/\/www.nabubarleben.de\/index.php?rest_route=\/wp\/v2\/posts\/1691"}],"collection":[{"href":"http:\/\/www.nabubarleben.de\/index.php?rest_route=\/wp\/v2\/posts"}],"about":[{"href":"http:\/\/www.nabubarleben.de\/index.php?rest_route=\/wp\/v2\/types\/post"}],"author":[{"embeddable":true,"href":"http:\/\/www.nabubarleben.de\/index.php?rest_route=\/wp\/v2\/users\/2"}],"replies":[{"embeddable":true,"href":"http:\/\/www.nabubarleben.de\/index.php?rest_route=%2Fwp%2Fv2%2Fcomments&post=1691"}],"version-history":[{"count":3,"href":"http:\/\/www.nabubarleben.de\/index.php?rest_route=\/wp\/v2\/posts\/1691\/revisions"}],"predecessor-version":[{"id":1842,"href":"http:\/\/www.nabubarleben.de\/index.php?rest_route=\/wp\/v2\/posts\/1691\/revisions\/1842"}],"wp:attachment":[{"href":"http:\/\/www.nabubarleben.de\/index.php?rest_route=%2Fwp%2Fv2%2Fmedia&parent=1691"}],"wp:term":[{"taxonomy":"category","embeddable":true,"href":"http:\/\/www.nabubarleben.de\/index.php?rest_route=%2Fwp%2Fv2%2Fcategories&post=1691"},{"taxonomy":"post_tag","embeddable":true,"href":"http:\/\/www.nabubarleben.de\/index.php?rest_route=%2Fwp%2Fv2%2Ftags&post=1691"}],"curies":[{"name":"wp","href":"https:\/\/api.w.org\/{rel}","templated":true}]}}