{"id":1063,"date":"2015-11-22T07:00:44","date_gmt":"2015-11-22T06:00:44","guid":{"rendered":"http:\/\/www.nabubarleben.de\/?p=1063"},"modified":"2015-02-12T21:06:45","modified_gmt":"2015-02-12T20:06:45","slug":"vereinsabend-11-2015-nabu-barleben","status":"publish","type":"post","link":"http:\/\/www.nabubarleben.de\/?p=1063","title":{"rendered":"Vereinsabend 11-2015, NABU Barleben"},"content":{"rendered":"<p style=\"text-align: center;\"><strong><span style=\"color: #ff0000;\"><a href=\"http:\/\/www.nabubarleben.de\/blog\/wp-content\/uploads\/2013\/10\/TerminKalenderblatt.jpg\"><img decoding=\"async\" loading=\"lazy\" class=\"alignleft size-full wp-image-387\" src=\"http:\/\/www.nabubarleben.de\/blog\/wp-content\/uploads\/2013\/10\/TerminKalenderblatt.jpg\" alt=\"TerminKalenderblatt\" width=\"158\" height=\"208\" \/><\/a><\/span><\/strong><\/p>\n<p style=\"text-align: center;\"><strong><span style=\"color: #ff0000;\">Mittwoch: 25.11.2015 ab 19:00 Helldamm 11<\/span><\/strong><\/p>\n<p style=\"text-align: justify;\">Willkommen sind alle die sich f\u00fcr die Arbeit des NABU Barleben interessieren. Wir freuen uns nat\u00fcrlich auch \u00fcber potentielle &#8222;Aktivisten&#8220;, egal ob Mitglieder oder nicht.<\/p>\n<h2 style=\"text-align: justify;\">.<\/h2>\n<h2 style=\"text-align: justify;\">Thema<\/h2>\n<p style=\"text-align: justify;\">(kein festgelegtes Thema)<\/p>\n","protected":false},"excerpt":{"rendered":"<p>Mittwoch: 25.11.2015 ab 19:00 Helldamm 11 Willkommen sind alle die sich f\u00fcr die Arbeit des NABU Barleben interessieren. Wir freuen uns nat\u00fcrlich auch \u00fcber potentielle &#8222;Aktivisten&#8220;, egal ob Mitglieder oder [&hellip;]<\/p>\n","protected":false},"author":2,"featured_media":0,"comment_status":"closed","ping_status":"closed","sticky":false,"template":"","format":"standard","meta":{"jetpack_post_was_ever_published":false},"categories":[5],"tags":[],"jetpack_featured_media_url":"","jetpack_shortlink":"https:\/\/wp.me\/p5vg4d-h9","_links":{"self":[{"href":"http:\/\/www.nabubarleben.de\/index.php?rest_route=\/wp\/v2\/posts\/1063"}],"collection":[{"href":"http:\/\/www.nabubarleben.de\/index.php?rest_route=\/wp\/v2\/posts"}],"about":[{"href":"http:\/\/www.nabubarleben.de\/index.php?rest_route=\/wp\/v2\/types\/post"}],"author":[{"embeddable":true,"href":"http:\/\/www.nabubarleben.de\/index.php?rest_route=\/wp\/v2\/users\/2"}],"replies":[{"embeddable":true,"href":"http:\/\/www.nabubarleben.de\/index.php?rest_route=%2Fwp%2Fv2%2Fcomments&post=1063"}],"version-history":[{"count":1,"href":"http:\/\/www.nabubarleben.de\/index.php?rest_route=\/wp\/v2\/posts\/1063\/revisions"}],"predecessor-version":[{"id":1064,"href":"http:\/\/www.nabubarleben.de\/index.php?rest_route=\/wp\/v2\/posts\/1063\/revisions\/1064"}],"wp:attachment":[{"href":"http:\/\/www.nabubarleben.de\/index.php?rest_route=%2Fwp%2Fv2%2Fmedia&parent=1063"}],"wp:term":[{"taxonomy":"category","embeddable":true,"href":"http:\/\/www.nabubarleben.de\/index.php?rest_route=%2Fwp%2Fv2%2Fcategories&post=1063"},{"taxonomy":"post_tag","embeddable":true,"href":"http:\/\/www.nabubarleben.de\/index.php?rest_route=%2Fwp%2Fv2%2Ftags&post=1063"}],"curies":[{"name":"wp","href":"https:\/\/api.w.org\/{rel}","templated":true}]}}